{"id":1717,"date":"2019-09-25T02:57:58","date_gmt":"2019-09-25T02:57:58","guid":{"rendered":"http:\/\/clientes.picoegallo.com\/hulbert\/?p=1717"},"modified":"2020-01-14T20:55:10","modified_gmt":"2020-01-14T20:55:10","slug":"el-precio-del-prejuicio-por-razones-de-genero","status":"publish","type":"post","link":"https:\/\/hulbertvolio.com\/en\/el-precio-del-prejuicio-por-razones-de-genero\/","title":{"rendered":"El Precio del Prejuicio por Razones de G\u00e9nero"},"content":{"rendered":"\n<p class=\"wp-block-paragraph\">El posicionamiento de las mujeres abogadas en la actualidad fue analizado por varias colegas, entre ellas, Judith Kaye, ex Juez de la Corte de Nueva York, quien cuando se pension\u00f3 e incorpor\u00f3 al litigio y arbitraje en el a\u00f1o 2009, fue descrita como \u201cuna de las dos mujeres dentro de los mejores \u00e1rbitros internacionales\u201d; se cuestion\u00f3 \u00bfpor qu\u00e9 hay tan pocas mujeres en ese campo?, no nos hab\u00edan dicho que el techo era de cristal?, y reconoce que el posicionamiento profesional de la mujer a\u00fan no es equitativo, a pesar de que las universidades grad\u00faan n\u00fameros similares de mujeres y hombres.<\/p>\n\n\n\n<p class=\"wp-block-paragraph\">Kaye, se muestra positiva para el futuro, porque ahora somos m\u00e1s las profesionales, hay m\u00e1s promoci\u00f3n, m\u00e1s canales de colaboraci\u00f3n entre mujeres, m\u00e1s exposici\u00f3n, y todo ello se traduce en mayores oportunidades; am\u00e9n, de que las empresas promueven la diversidad, y muy probablemente y sobre todo, han querido asegurarse el mejor talento.<\/p>\n\n\n\n<p class=\"wp-block-paragraph\">Anne Weisberg, Directora de Diversidad e Inclusi\u00f3n de BlackRock, public\u00f3 un estudio en el que se analizaron tres d\u00e9cadas de mujeres abogadas graduadas de las Universidades de Harvard, Yale, Columbia, Michigan y Berkeley, concluy\u00f3 que el 90% de las mujeres est\u00e1 ejerciendo la profesi\u00f3n, pero sub-representadas en el liderazgo profesional. En las firmas de abogados si acaso el 15% de los socios eran mujeres; 12 a\u00f1os despu\u00e9s, Weisberg asegura que dicho porcentaje no ha progresado y que de acuerdo con la Comisi\u00f3n de Mujeres de la Barra Americana de Abogados, tampoco hubo un incremento de mujeres en el arbitraje, el cual no ha crecido m\u00e1s de un 5% desde el a\u00f1o 2004.<\/p>\n\n\n\n<p class=\"wp-block-paragraph\">Para Weisberg, la respuesta al poco incremento de mujeres en puestos de poder radica en el prejuicio que consiste en asociar con el g\u00e9nero masculino las caracter\u00edsticas de los l\u00edderes: decisivo, asertivo, ambicioso, etc. El mejor ejemplo, est\u00e1 en el incremento de mujeres m\u00fasicas integrantes de Orquestas en USA; en 1970 si acaso el 10% de los m\u00fasicos eran mujeres, pero desde que se implement\u00f3 la audici\u00f3n a ciegas, el jurado escucha la m\u00fasica sin conocer el g\u00e9nero del int\u00e9rprete, las mujeres tienen 50% m\u00e1s de probabilidades de pasar la primera ronda y 300% m\u00e1s de pasar a las finales y ser parte de la orquesta. Lo mismo sucedi\u00f3 cuando se elimin\u00f3 el nombre del autor de los ensayos acad\u00e9micos en algunas universidades, y ello signific\u00f3 un incremento en las publicaciones de obras escritas por mujeres. Se quita el prejuicio, se quita el problema.<\/p>\n\n\n\n<p class=\"wp-block-paragraph\">El cambio no ha sido sustancial en relaci\u00f3n con los muchos a\u00f1os de lucha ininterrumpida por la igualdad, por la sostenida demostraci\u00f3n de las capacidades intelectuales femeninas, y su impacto en beneficio de la humanidad.<\/p>\n\n\n\n<p class=\"wp-block-paragraph\">La soluci\u00f3n primaria, para alcanzar las posiciones de liderazgo y poder, est\u00e1 en manos de las mujeres, quienes debemos desaplicar los conceptos y conductas que nos impiden surgir e implementar el apoyo mutuo y solidario. No hay ley de igualdad ni de paridad que funcione, si nosotras no cambiamos de mentalidad, y nos permitimos crecer hasta el punto en que no haya una conducta discriminatoria que nos pueda afectar.<\/p>\n\n\n\n<p class=\"wp-block-paragraph\">Andrea Hulbert<br>Abogada Litigante y \u00c1rbitro<br>Socia Fundadora de Hulbert Volio &amp; Parajeles<\/p>\n\n\n\n<p class=\"wp-block-paragraph\">Fuentes consultadas y citadas: Art\u00edculos publicados en la revista de la Secci\u00f3n de Resoluci\u00f3n de Disputas de la Barra de Abogados de Nueva York, Vol\u00famen 5, n\u00famero 1, del a\u00f1o 2012, en los que se aborda el tema de la Mujer en el Arbitraje, denominados: \u201cD\u00e9j\u00e1 Vu: Una Reflexi\u00f3n Personal sobre la Mujer en el Arbitraje Internacional\u201d, escrito por la ahora Abogada Litigante y ex Juez de la Corte de Nueva York Judith S. Kaye; y \u201cQuitando el Prejuicio de los Neutrales\u201d, escrito por Anne Weisberg, Directora de Diversidad e Inclusi\u00f3n de BlackRock.<\/p>\n","protected":false},"excerpt":{"rendered":"<p>El posicionamiento de las mujeres abogadas en la actualidad fue analizado por varias colegas, entre ellas, Judith Kaye, ex Juez de la Corte de Nueva York, quien cuando se pension\u00f3 e incorpor\u00f3 al litigio y arbitraje en el a\u00f1o 2009, fue descrita como \u201cuna de las dos mujeres dentro de los mejores \u00e1rbitros internacionales\u201d; se [&hellip;]<\/p>\n","protected":false},"author":2,"featured_media":1753,"comment_status":"closed","ping_status":"closed","sticky":false,"template":"","format":"standard","meta":{"footnotes":""},"categories":[1],"tags":[],"class_list":["post-1717","post","type-post","status-publish","format-standard","has-post-thumbnail","hentry","category-general"],"yoast_head":"<!-- This site is optimized with the Yoast SEO plugin v27.9 - https:\/\/yoast.com\/product\/yoast-seo-wordpress\/ -->\n<title>El Precio del Prejuicio por Razones de G\u00e9nero - Hulbert Volio Abogados<\/title>\n<meta name=\"robots\" content=\"index, follow, max-snippet:-1, max-image-preview:large, max-video-preview:-1\" \/>\n<link rel=\"canonical\" href=\"https:\/\/hulbertvolio.com\/en\/el-precio-del-prejuicio-por-razones-de-genero\/\" \/>\n<meta property=\"og:locale\" content=\"en_US\" \/>\n<meta property=\"og:type\" content=\"article\" \/>\n<meta property=\"og:title\" content=\"El Precio del Prejuicio por Razones de G\u00e9nero - Hulbert Volio Abogados\" \/>\n<meta property=\"og:description\" content=\"El posicionamiento de las mujeres abogadas en la actualidad fue analizado por varias colegas, entre ellas, Judith Kaye, ex Juez de la Corte de Nueva York, quien cuando se pension\u00f3 e incorpor\u00f3 al litigio y arbitraje en el a\u00f1o 2009, fue descrita como \u201cuna de las dos mujeres dentro de los mejores \u00e1rbitros internacionales\u201d; se [&hellip;]\" \/>\n<meta property=\"og:url\" content=\"https:\/\/hulbertvolio.com\/en\/el-precio-del-prejuicio-por-razones-de-genero\/\" \/>\n<meta property=\"og:site_name\" content=\"Hulbert Volio Abogados\" \/>\n<meta property=\"article:published_time\" content=\"2019-09-25T02:57:58+00:00\" \/>\n<meta property=\"article:modified_time\" content=\"2020-01-14T20:55:10+00:00\" \/>\n<meta property=\"og:image\" content=\"https:\/\/hulbertvolio.com\/en\/wp-content\/uploads\/2019\/11\/HVM-0267.jpg\" \/>\n\t<meta property=\"og:image:width\" content=\"1920\" \/>\n\t<meta property=\"og:image:height\" content=\"1280\" \/>\n\t<meta property=\"og:image:type\" content=\"image\/jpeg\" \/>\n<meta name=\"author\" content=\"Andrea Hulbert\" \/>\n<meta name=\"twitter:card\" content=\"summary_large_image\" \/>\n<meta name=\"twitter:label1\" content=\"Written by\" \/>\n\t<meta name=\"twitter:data1\" content=\"Andrea Hulbert\" \/>\n\t<meta name=\"twitter:label2\" content=\"Est. reading time\" \/>\n\t<meta name=\"twitter:data2\" content=\"3 minutes\" \/>\n<script type=\"application\/ld+json\" class=\"yoast-schema-graph\">{\"@context\":\"https:\\\/\\\/schema.org\",\"@graph\":[{\"@type\":\"Article\",\"@id\":\"https:\\\/\\\/hulbertvolio.com\\\/en\\\/el-precio-del-prejuicio-por-razones-de-genero\\\/#article\",\"isPartOf\":{\"@id\":\"https:\\\/\\\/hulbertvolio.com\\\/en\\\/el-precio-del-prejuicio-por-razones-de-genero\\\/\"},\"author\":{\"name\":\"Andrea Hulbert\",\"@id\":\"https:\\\/\\\/hulbertvolio.com\\\/en\\\/#\\\/schema\\\/person\\\/5451c38faac8a07acfe5484321f777ef\"},\"headline\":\"El Precio del Prejuicio por Razones de G\u00e9nero\",\"datePublished\":\"2019-09-25T02:57:58+00:00\",\"dateModified\":\"2020-01-14T20:55:10+00:00\",\"mainEntityOfPage\":{\"@id\":\"https:\\\/\\\/hulbertvolio.com\\\/en\\\/el-precio-del-prejuicio-por-razones-de-genero\\\/\"},\"wordCount\":659,\"image\":{\"@id\":\"https:\\\/\\\/hulbertvolio.com\\\/en\\\/el-precio-del-prejuicio-por-razones-de-genero\\\/#primaryimage\"},\"thumbnailUrl\":\"https:\\\/\\\/hulbertvolio.com\\\/en\\\/wp-content\\\/uploads\\\/2019\\\/11\\\/HVM-0267.jpg\",\"articleSection\":[\"General\"],\"inLanguage\":\"en-US\"},{\"@type\":\"WebPage\",\"@id\":\"https:\\\/\\\/hulbertvolio.com\\\/en\\\/el-precio-del-prejuicio-por-razones-de-genero\\\/\",\"url\":\"https:\\\/\\\/hulbertvolio.com\\\/en\\\/el-precio-del-prejuicio-por-razones-de-genero\\\/\",\"name\":\"El Precio del Prejuicio por Razones de G\u00e9nero - Hulbert Volio Abogados\",\"isPartOf\":{\"@id\":\"https:\\\/\\\/hulbertvolio.com\\\/en\\\/#website\"},\"primaryImageOfPage\":{\"@id\":\"https:\\\/\\\/hulbertvolio.com\\\/en\\\/el-precio-del-prejuicio-por-razones-de-genero\\\/#primaryimage\"},\"image\":{\"@id\":\"https:\\\/\\\/hulbertvolio.com\\\/en\\\/el-precio-del-prejuicio-por-razones-de-genero\\\/#primaryimage\"},\"thumbnailUrl\":\"https:\\\/\\\/hulbertvolio.com\\\/en\\\/wp-content\\\/uploads\\\/2019\\\/11\\\/HVM-0267.jpg\",\"datePublished\":\"2019-09-25T02:57:58+00:00\",\"dateModified\":\"2020-01-14T20:55:10+00:00\",\"author\":{\"@id\":\"https:\\\/\\\/hulbertvolio.com\\\/en\\\/#\\\/schema\\\/person\\\/5451c38faac8a07acfe5484321f777ef\"},\"breadcrumb\":{\"@id\":\"https:\\\/\\\/hulbertvolio.com\\\/en\\\/el-precio-del-prejuicio-por-razones-de-genero\\\/#breadcrumb\"},\"inLanguage\":\"en-US\",\"potentialAction\":[{\"@type\":\"ReadAction\",\"target\":[\"https:\\\/\\\/hulbertvolio.com\\\/en\\\/el-precio-del-prejuicio-por-razones-de-genero\\\/\"]}]},{\"@type\":\"ImageObject\",\"inLanguage\":\"en-US\",\"@id\":\"https:\\\/\\\/hulbertvolio.com\\\/en\\\/el-precio-del-prejuicio-por-razones-de-genero\\\/#primaryimage\",\"url\":\"https:\\\/\\\/hulbertvolio.com\\\/en\\\/wp-content\\\/uploads\\\/2019\\\/11\\\/HVM-0267.jpg\",\"contentUrl\":\"https:\\\/\\\/hulbertvolio.com\\\/en\\\/wp-content\\\/uploads\\\/2019\\\/11\\\/HVM-0267.jpg\",\"width\":1920,\"height\":1280},{\"@type\":\"BreadcrumbList\",\"@id\":\"https:\\\/\\\/hulbertvolio.com\\\/en\\\/el-precio-del-prejuicio-por-razones-de-genero\\\/#breadcrumb\",\"itemListElement\":[{\"@type\":\"ListItem\",\"position\":1,\"name\":\"Portada\",\"item\":\"https:\\\/\\\/hulbertvolio.com\\\/en\\\/\"},{\"@type\":\"ListItem\",\"position\":2,\"name\":\"El Precio del Prejuicio por Razones de G\u00e9nero\"}]},{\"@type\":\"WebSite\",\"@id\":\"https:\\\/\\\/hulbertvolio.com\\\/en\\\/#website\",\"url\":\"https:\\\/\\\/hulbertvolio.com\\\/en\\\/\",\"name\":\"Hulbert Volio Abogados\",\"description\":\"\",\"potentialAction\":[{\"@type\":\"SearchAction\",\"target\":{\"@type\":\"EntryPoint\",\"urlTemplate\":\"https:\\\/\\\/hulbertvolio.com\\\/en\\\/?s={search_term_string}\"},\"query-input\":{\"@type\":\"PropertyValueSpecification\",\"valueRequired\":true,\"valueName\":\"search_term_string\"}}],\"inLanguage\":\"en-US\"},{\"@type\":\"Person\",\"@id\":\"https:\\\/\\\/hulbertvolio.com\\\/en\\\/#\\\/schema\\\/person\\\/5451c38faac8a07acfe5484321f777ef\",\"name\":\"Andrea Hulbert\",\"sameAs\":[\"pico_admin\"],\"url\":\"https:\\\/\\\/hulbertvolio.com\\\/en\\\/author\\\/andrea\\\/\"}]}<\/script>\n<!-- \/ Yoast SEO plugin. -->","yoast_head_json":{"title":"El Precio del Prejuicio por Razones de G\u00e9nero - Hulbert Volio Abogados","robots":{"index":"index","follow":"follow","max-snippet":"max-snippet:-1","max-image-preview":"max-image-preview:large","max-video-preview":"max-video-preview:-1"},"canonical":"https:\/\/hulbertvolio.com\/en\/el-precio-del-prejuicio-por-razones-de-genero\/","og_locale":"en_US","og_type":"article","og_title":"El Precio del Prejuicio por Razones de G\u00e9nero - Hulbert Volio Abogados","og_description":"El posicionamiento de las mujeres abogadas en la actualidad fue analizado por varias colegas, entre ellas, Judith Kaye, ex Juez de la Corte de Nueva York, quien cuando se pension\u00f3 e incorpor\u00f3 al litigio y arbitraje en el a\u00f1o 2009, fue descrita como \u201cuna de las dos mujeres dentro de los mejores \u00e1rbitros internacionales\u201d; se [&hellip;]","og_url":"https:\/\/hulbertvolio.com\/en\/el-precio-del-prejuicio-por-razones-de-genero\/","og_site_name":"Hulbert Volio Abogados","article_published_time":"2019-09-25T02:57:58+00:00","article_modified_time":"2020-01-14T20:55:10+00:00","og_image":[{"width":1920,"height":1280,"url":"https:\/\/hulbertvolio.com\/en\/wp-content\/uploads\/2019\/11\/HVM-0267.jpg","type":"image\/jpeg"}],"author":"Andrea Hulbert","twitter_card":"summary_large_image","twitter_misc":{"Written by":"Andrea Hulbert","Est. reading time":"3 minutes"},"schema":{"@context":"https:\/\/schema.org","@graph":[{"@type":"Article","@id":"https:\/\/hulbertvolio.com\/en\/el-precio-del-prejuicio-por-razones-de-genero\/#article","isPartOf":{"@id":"https:\/\/hulbertvolio.com\/en\/el-precio-del-prejuicio-por-razones-de-genero\/"},"author":{"name":"Andrea Hulbert","@id":"https:\/\/hulbertvolio.com\/en\/#\/schema\/person\/5451c38faac8a07acfe5484321f777ef"},"headline":"El Precio del Prejuicio por Razones de G\u00e9nero","datePublished":"2019-09-25T02:57:58+00:00","dateModified":"2020-01-14T20:55:10+00:00","mainEntityOfPage":{"@id":"https:\/\/hulbertvolio.com\/en\/el-precio-del-prejuicio-por-razones-de-genero\/"},"wordCount":659,"image":{"@id":"https:\/\/hulbertvolio.com\/en\/el-precio-del-prejuicio-por-razones-de-genero\/#primaryimage"},"thumbnailUrl":"https:\/\/hulbertvolio.com\/en\/wp-content\/uploads\/2019\/11\/HVM-0267.jpg","articleSection":["General"],"inLanguage":"en-US"},{"@type":"WebPage","@id":"https:\/\/hulbertvolio.com\/en\/el-precio-del-prejuicio-por-razones-de-genero\/","url":"https:\/\/hulbertvolio.com\/en\/el-precio-del-prejuicio-por-razones-de-genero\/","name":"El Precio del Prejuicio por Razones de G\u00e9nero - Hulbert Volio Abogados","isPartOf":{"@id":"https:\/\/hulbertvolio.com\/en\/#website"},"primaryImageOfPage":{"@id":"https:\/\/hulbertvolio.com\/en\/el-precio-del-prejuicio-por-razones-de-genero\/#primaryimage"},"image":{"@id":"https:\/\/hulbertvolio.com\/en\/el-precio-del-prejuicio-por-razones-de-genero\/#primaryimage"},"thumbnailUrl":"https:\/\/hulbertvolio.com\/en\/wp-content\/uploads\/2019\/11\/HVM-0267.jpg","datePublished":"2019-09-25T02:57:58+00:00","dateModified":"2020-01-14T20:55:10+00:00","author":{"@id":"https:\/\/hulbertvolio.com\/en\/#\/schema\/person\/5451c38faac8a07acfe5484321f777ef"},"breadcrumb":{"@id":"https:\/\/hulbertvolio.com\/en\/el-precio-del-prejuicio-por-razones-de-genero\/#breadcrumb"},"inLanguage":"en-US","potentialAction":[{"@type":"ReadAction","target":["https:\/\/hulbertvolio.com\/en\/el-precio-del-prejuicio-por-razones-de-genero\/"]}]},{"@type":"ImageObject","inLanguage":"en-US","@id":"https:\/\/hulbertvolio.com\/en\/el-precio-del-prejuicio-por-razones-de-genero\/#primaryimage","url":"https:\/\/hulbertvolio.com\/en\/wp-content\/uploads\/2019\/11\/HVM-0267.jpg","contentUrl":"https:\/\/hulbertvolio.com\/en\/wp-content\/uploads\/2019\/11\/HVM-0267.jpg","width":1920,"height":1280},{"@type":"BreadcrumbList","@id":"https:\/\/hulbertvolio.com\/en\/el-precio-del-prejuicio-por-razones-de-genero\/#breadcrumb","itemListElement":[{"@type":"ListItem","position":1,"name":"Portada","item":"https:\/\/hulbertvolio.com\/en\/"},{"@type":"ListItem","position":2,"name":"El Precio del Prejuicio por Razones de G\u00e9nero"}]},{"@type":"WebSite","@id":"https:\/\/hulbertvolio.com\/en\/#website","url":"https:\/\/hulbertvolio.com\/en\/","name":"Hulbert Volio Abogados","description":"","potentialAction":[{"@type":"SearchAction","target":{"@type":"EntryPoint","urlTemplate":"https:\/\/hulbertvolio.com\/en\/?s={search_term_string}"},"query-input":{"@type":"PropertyValueSpecification","valueRequired":true,"valueName":"search_term_string"}}],"inLanguage":"en-US"},{"@type":"Person","@id":"https:\/\/hulbertvolio.com\/en\/#\/schema\/person\/5451c38faac8a07acfe5484321f777ef","name":"Andrea Hulbert","sameAs":["pico_admin"],"url":"https:\/\/hulbertvolio.com\/en\/author\/andrea\/"}]}},"_links":{"self":[{"href":"https:\/\/hulbertvolio.com\/en\/wp-json\/wp\/v2\/posts\/1717","targetHints":{"allow":["GET"]}}],"collection":[{"href":"https:\/\/hulbertvolio.com\/en\/wp-json\/wp\/v2\/posts"}],"about":[{"href":"https:\/\/hulbertvolio.com\/en\/wp-json\/wp\/v2\/types\/post"}],"author":[{"embeddable":true,"href":"https:\/\/hulbertvolio.com\/en\/wp-json\/wp\/v2\/users\/2"}],"replies":[{"embeddable":true,"href":"https:\/\/hulbertvolio.com\/en\/wp-json\/wp\/v2\/comments?post=1717"}],"version-history":[{"count":0,"href":"https:\/\/hulbertvolio.com\/en\/wp-json\/wp\/v2\/posts\/1717\/revisions"}],"wp:featuredmedia":[{"embeddable":true,"href":"https:\/\/hulbertvolio.com\/en\/wp-json\/wp\/v2\/media\/1753"}],"wp:attachment":[{"href":"https:\/\/hulbertvolio.com\/en\/wp-json\/wp\/v2\/media?parent=1717"}],"wp:term":[{"taxonomy":"category","embeddable":true,"href":"https:\/\/hulbertvolio.com\/en\/wp-json\/wp\/v2\/categories?post=1717"},{"taxonomy":"post_tag","embeddable":true,"href":"https:\/\/hulbertvolio.com\/en\/wp-json\/wp\/v2\/tags?post=1717"}],"curies":[{"name":"wp","href":"https:\/\/api.w.org\/{rel}","templated":true}]}}